{"id":1864,"date":"2017-04-26T20:24:23","date_gmt":"2017-04-26T18:24:23","guid":{"rendered":"http:\/\/loiseau-lyre.fr\/mille-et-une-vies\/?p=1864"},"modified":"2017-04-26T20:40:39","modified_gmt":"2017-04-26T18:40:39","slug":"nouveau-depart","status":"publish","type":"post","link":"http:\/\/loiseau-lyre.fr\/mille-et-une-vies\/nouveau-depart\/","title":{"rendered":"Nouveau d\u00e9part"},"content":{"rendered":"<p style=\"text-align: right;\">Saint-\u00c9tienne, le 15 mai\u00a02028<\/p>\n<p>&#8220;\u00c9loignez-vous de la bordure du quai, s&#8217;il vous pla\u00eet&#8221;.<\/p>\n<p>Aussit\u00f4t l&#8217;annonce termin\u00e9e, le quai noircit d&#8217;une foule qui n&#8217;attendait que ce signal pour se pr\u00e9cipiter \u00e0 l&#8217;assaut du train qui entre en gare, le dernier avant longtemps. Mon sac ramen\u00e9 contre ma poitrine, je joue des coudes au milieu de la masse qui s&#8217;agite comme des mouettes survolant le\u00a0sillage d&#8217;un chalutier. J&#8217;ai peu de temps pour monter dans un wagon d\u00e9j\u00e0 bond\u00e9, les portes se referment de force tandis que les d\u00e9\u00e7us tapent sur les vitres ou crient leur frustration ou leur\u00a0d\u00e9sespoir. Ils n&#8217;ont aucun moyen de pr\u00e9venir ceux qu&#8217;ils essaient de rejoindre, plus d&#8217;autre choix que de marcher ou d&#8217;attendre le passage incertain d&#8217;un prochain convoi.<\/p>\n<p>Tous ceux qui disposaient d&#8217;un moyen de transport et d&#8217;un peu\u00a0de carburant (ou mieux, de v\u00e9los) sont partis rejoindre les campagnes ou les petites villes de province. La quarantaine pass\u00e9e, les trains recommencent \u00e0 circuler, sporadiquement. Je tente ma chance sur la ligne Lyon \/ Clermont-Ferrand, en esp\u00e9rant trouver refuge dans un village de la Loire. Je suis en bonne sant\u00e9 et je peux travailler dur, remplacer les ouvriers agricoles qui manquent \u00e0 l&#8217;appel, en \u00e9change du g\u00eete et du couvert. Un regard autour de moi me confirme que nous sommes nombreux dans ce cas, il faudra que je me d\u00e9marque pour me faire embaucher, ou que je trouve une ferme abandonn\u00e9e pour refuge. Maintenant que la pand\u00e9mie de 2026 est enfin derri\u00e8re nous, il est temps de ramasser ce qu&#8217;il reste du pays.<\/p>\n<p>Cette pand\u00e9mie, personne n&#8217;y croyait. Une \u00e9ni\u00e8me crise sanitaire pour \u00e9couler les stocks de vaccins et de m\u00e9dicaments des industries pharmaceutiques, \u00e7a sentait le scandale \u00e0 plein nez. Moi la premi\u00e8re, je n&#8217;ai compris l&#8217;ampleur du probl\u00e8me que bien trop tard. Un nouveau virus, le HAR, transmis par\u00a0le moustique tigre &#8211; devenu tr\u00e8s commun sur une grande partie de la plan\u00e8te avec la hausse des temp\u00e9ratures &#8211; s&#8217;est r\u00e9pandu dans la population comme une tra\u00een\u00e9e de poudre. Comme il n&#8217;\u00e9tait <em>a priori<\/em> pas mortel et relativement b\u00e9nin (tout au plus de la fi\u00e8vre et des douleurs articulaires passag\u00e8res), les autorit\u00e9s n&#8217;ont pas financ\u00e9 massivement les recherches de traitements. Quand la grippe saisonni\u00e8re a tu\u00e9 plus que qu&#8217;\u00e0 l&#8217;accoutum\u00e9e, il y a de cela trois ans, des \u00e9tudes ont \u00e9t\u00e9 men\u00e9es. Lorsque les deux virus cohabitent chez une m\u00eame personne, celui de la grippe est plus virulent et le patient meurt rapidement. Cela a \u00e9t\u00e9 confirm\u00e9 l&#8217;hiver suivant. Les autorit\u00e9s de tous les pays ont alors tent\u00e9 de juguler la crise, certains faisant un stock de vaccins anti-grippe, d&#8217;autres investissant dans la recherche sur le HAR. Puis, devant le nombre de personnes co-infect\u00e9es, les chefs d&#8217;\u00c9tat ont pris, les uns apr\u00e8s les autres, des mesures de confinement de la population pour \u00e9viter, enfin, la propagation de la grippe. Bien trop tard en ce qui nous concerne, la population fran\u00e7aise a \u00e9t\u00e9 d\u00e9cim\u00e9e et les survivants sont \u00e9parpill\u00e9s.\u00a0Les dictatures ont \u00e9t\u00e9 plus rapides mais ont quand m\u00eame subi de lourdes pertes.<\/p>\n<p>Les gares d\u00e9filent, les voyageurs s&#8217;entassent, je m&#8217;enfonce dans mes pens\u00e9es. La majorit\u00e9 des travailleurs d&#8217;hier sont morts, les sans-abri les avaient pr\u00e9c\u00e9d\u00e9 dans l&#8217;indiff\u00e9rence g\u00e9n\u00e9rale et les patrons, apr\u00e8s les grandes faillites, sont devenus les nouveaux pauvres. Les survivants ruraux s&#8217;en sortent mieux que les autres, pays d&#8217;Afrique et d&#8217;Asie\u00a0en t\u00eate. Les pouvoirs sont redistribu\u00e9s, le rythme de circulation des marchandises, personnes et nouvelles\u00a0s&#8217;est consid\u00e9rablement ralenti. Le Monde red\u00e9couvre le pr\u00e9sent apr\u00e8s de longues ann\u00e9es fr\u00e9n\u00e9tiques, laissant la plan\u00e8te respirer un peu et renouveler ce qui peut l&#8217;\u00eatre. Comme \u00e7a ne va pas durer tr\u00e8s longtemps, je me pr\u00e9pare. D&#8217;abord, un travail agricole, une bonne situation, \u00eatre autonome. Ne plus \u00eatre pauvre. Ne pas rater le coche. Noir\u00e9table, \u00e7a sonne bien. Je descends, pr\u00eate \u00e0 entamer ma nouvelle vie.<\/p>\n","protected":false},"excerpt":{"rendered":"<p>Saint-\u00c9tienne, le 15 mai\u00a02028 &#8220;\u00c9loignez-vous de la bordure du quai, s&#8217;il vous pla\u00eet&#8221;. Aussit\u00f4t l&#8217;annonce termin\u00e9e, le quai noircit d&#8217;une foule qui n&#8217;attendait que ce signal pour se pr\u00e9cipiter \u00e0 l&#8217;assaut du train qui entre en gare, le dernier avant longtemps. Mon sac ramen\u00e9 contre ma poitrine, je joue des coudes au milieu de la [&hellip;]<\/p>\n","protected":false},"author":1,"featured_media":0,"comment_status":"open","ping_status":"open","sticky":false,"template":"","format":"standard","meta":[],"categories":[20,47,1],"tags":[],"_links":{"self":[{"href":"http:\/\/loiseau-lyre.fr\/mille-et-une-vies\/wp-json\/wp\/v2\/posts\/1864"}],"collection":[{"href":"http:\/\/loiseau-lyre.fr\/mille-et-une-vies\/wp-json\/wp\/v2\/posts"}],"about":[{"href":"http:\/\/loiseau-lyre.fr\/mille-et-une-vies\/wp-json\/wp\/v2\/types\/post"}],"author":[{"embeddable":true,"href":"http:\/\/loiseau-lyre.fr\/mille-et-une-vies\/wp-json\/wp\/v2\/users\/1"}],"replies":[{"embeddable":true,"href":"http:\/\/loiseau-lyre.fr\/mille-et-une-vies\/wp-json\/wp\/v2\/comments?post=1864"}],"version-history":[{"count":7,"href":"http:\/\/loiseau-lyre.fr\/mille-et-une-vies\/wp-json\/wp\/v2\/posts\/1864\/revisions"}],"predecessor-version":[{"id":1871,"href":"http:\/\/loiseau-lyre.fr\/mille-et-une-vies\/wp-json\/wp\/v2\/posts\/1864\/revisions\/1871"}],"wp:attachment":[{"href":"http:\/\/loiseau-lyre.fr\/mille-et-une-vies\/wp-json\/wp\/v2\/media?parent=1864"}],"wp:term":[{"taxonomy":"category","embeddable":true,"href":"http:\/\/loiseau-lyre.fr\/mille-et-une-vies\/wp-json\/wp\/v2\/categories?post=1864"},{"taxonomy":"post_tag","embeddable":true,"href":"http:\/\/loiseau-lyre.fr\/mille-et-une-vies\/wp-json\/wp\/v2\/tags?post=1864"}],"curies":[{"name":"wp","href":"https:\/\/api.w.org\/{rel}","templated":true}]}}