{"id":2520,"date":"2022-11-11T12:38:23","date_gmt":"2022-11-11T11:38:23","guid":{"rendered":"http:\/\/loiseau-lyre.fr\/mille-et-une-vies\/?p=2520"},"modified":"2022-11-11T13:06:32","modified_gmt":"2022-11-11T12:06:32","slug":"le-rocher-blanchi-de-la-solitude","status":"publish","type":"post","link":"http:\/\/loiseau-lyre.fr\/mille-et-une-vies\/le-rocher-blanchi-de-la-solitude\/","title":{"rendered":"Le rocher blanchi de la solitude"},"content":{"rendered":"\n<p class=\"has-text-align-right has-small-font-size\" style=\"font-style:italic;font-weight:200\"><em>Texte \u00e9crit dans le cadre d\u2019un atelier d\u2019\u00e9criture \u00e0 L\u2019Escalier<\/em>, consigne : faire dispara\u00eetre le po\u00e8me &#8220;le rocher de la solitude&#8221;, d&#8217;Edmond Jab\u00e8s<\/p>\n\n\n\n<p>Dans la nuit, le bruit d&#8217;une cascade, sous la lune.<br \/>Le bruissement des arbres, le vent dans leurs feuilles, les p\u00e9piements des oiseaux.<br \/>Il y a l\u00e0 deux \u00e9cureuils, vifs et alertes, malgr\u00e9 l&#8217;heure plus que tardive.<br \/>Dans la for\u00eat, ils sautent de cime en cime, cavalent sur les cailloux, slaloment entre les pi\u00e8ges tendus, les b\u00fbches fendues, pr\u00eates \u00e0 se rompre et \u00e0 les engloutir.<br \/>Il y a un cul de sac, les \u00e9cureuils semblent s&#8217;envoler, grimpent sur une liane, pont entre terre et ciel, \u00e0 l&#8217;usage des plus agiles.<br \/>Le soleil tarde \u00e0 venir, sa chaleur ne peut pour l&#8217;instant apaiser nos tremblements.<br \/>Il y a ma blessure qui me lance, plaie ouverte que j&#8217;ai tent\u00e9 de suturer avec des liens improvis\u00e9s. La fi\u00e8vre me gagne. Elle est un drap de solitude entre le monde et moi.<br \/>Il y a ta fi\u00e8vre, plus ancienne encore, qui t&#8217;accompagne depuis qu&#8217;enfant, tu chantais en riant les lettres de l&#8217;alphabet dans le d\u00e9sordre, toujours.<br \/>Un instant passe. Mon d\u00e9lire emporte le peu de biens que je pensais miens. Nos mains se lient, et se d\u00e9lient, au rythme de nos grelottements. La nuit se joue de nous.<br \/>Les \u00e9cureuils virevoltent de-ci de-l\u00e0. Ce sont les t\u00e9moins de ma douleur. Ce sont les complices de ta joie. Ta joie de me voir te rejoindre, partager une \u00e9treinte, ivres de la m\u00eame solitude. Enfin.<\/p>\n","protected":false},"excerpt":{"rendered":"<p>Texte \u00e9crit dans le cadre d\u2019un atelier d\u2019\u00e9criture \u00e0 L\u2019Escalier, consigne : faire dispara\u00eetre le po\u00e8me &#8220;le rocher de la solitude&#8221;, d&#8217;Edmond Jab\u00e8s Dans la nuit, le bruit d&#8217;une cascade, sous la lune.Le bruissement des arbres, le vent dans leurs feuilles, les p\u00e9piements des oiseaux.Il y a l\u00e0 deux \u00e9cureuils, vifs et alertes, malgr\u00e9 l&#8217;heure [&hellip;]<\/p>\n","protected":false},"author":1,"featured_media":0,"comment_status":"open","ping_status":"open","sticky":false,"template":"","format":"standard","meta":[],"categories":[1],"tags":[],"_links":{"self":[{"href":"http:\/\/loiseau-lyre.fr\/mille-et-une-vies\/wp-json\/wp\/v2\/posts\/2520"}],"collection":[{"href":"http:\/\/loiseau-lyre.fr\/mille-et-une-vies\/wp-json\/wp\/v2\/posts"}],"about":[{"href":"http:\/\/loiseau-lyre.fr\/mille-et-une-vies\/wp-json\/wp\/v2\/types\/post"}],"author":[{"embeddable":true,"href":"http:\/\/loiseau-lyre.fr\/mille-et-une-vies\/wp-json\/wp\/v2\/users\/1"}],"replies":[{"embeddable":true,"href":"http:\/\/loiseau-lyre.fr\/mille-et-une-vies\/wp-json\/wp\/v2\/comments?post=2520"}],"version-history":[{"count":3,"href":"http:\/\/loiseau-lyre.fr\/mille-et-une-vies\/wp-json\/wp\/v2\/posts\/2520\/revisions"}],"predecessor-version":[{"id":2526,"href":"http:\/\/loiseau-lyre.fr\/mille-et-une-vies\/wp-json\/wp\/v2\/posts\/2520\/revisions\/2526"}],"wp:attachment":[{"href":"http:\/\/loiseau-lyre.fr\/mille-et-une-vies\/wp-json\/wp\/v2\/media?parent=2520"}],"wp:term":[{"taxonomy":"category","embeddable":true,"href":"http:\/\/loiseau-lyre.fr\/mille-et-une-vies\/wp-json\/wp\/v2\/categories?post=2520"},{"taxonomy":"post_tag","embeddable":true,"href":"http:\/\/loiseau-lyre.fr\/mille-et-une-vies\/wp-json\/wp\/v2\/tags?post=2520"}],"curies":[{"name":"wp","href":"https:\/\/api.w.org\/{rel}","templated":true}]}}